{"id":1077,"date":"2018-10-11T00:00:00","date_gmt":"2018-10-11T00:00:00","guid":{"rendered":"https:\/\/www.dgcrane.com\/posts\/one-set-5t-electric-chain-hoist-exported-srilanka\/"},"modified":"2022-10-24T02:53:18","modified_gmt":"2022-10-24T02:53:18","slug":"one-set-5t-electric-chain-hoist-exported-srilanka","status":"publish","type":"posts","link":"https:\/\/www.dgcrane.com\/tr\/posts\/one-set-5t-electric-chain-hoist-exported-srilanka\/","title":{"rendered":"Srilanka&#39;ya ihra\u00e7 edilen bir set 5T Elektrikli Zincirli Vin\u00e7"},"content":{"rendered":"<ol>\r\n\t<li>Elektrikli Arabal\u0131 5T Elektrikli Zincirli Vin\u00e7<br \/>\r\nKald\u0131rma kapasitesi: 5t<br \/>\r\nKald\u0131rma y\u00fcksekli\u011fi: 6m<br \/>\r\nKald\u0131rma h\u0131z\u0131: 2.7m\/dak<br \/>\r\nAraba h\u0131z\u0131: 11\/dak<br \/>\r\nG\u00fc\u00e7 kayna\u011f\u0131: 3ph 400v 50hz<br \/>\r\nKontrol y\u00f6ntemi: Kontrol as\u0131l\u0131<\/li>\r\n<\/ol>\r\n<p><strong><span>saat<\/span><\/strong> <strong><span>7<sup>inci<\/sup> Mart 2018, <\/span><\/strong>Sri Lanka&#39;dan bir soru\u015fturma ald\u0131k. \u0130lk ba\u015fta, m\u00fc\u015fterimiz bize 3 Tonluk bir Y\u00fck\u00fc kald\u0131rmak i\u00e7in sadece Motorlu Hareketli 5 Tonluk Elektrikli Zincirli Vin\u00e7&#39;e ihtiya\u00e7lar\u0131 oldu\u011funu s\u00f6yledi. E-posta ile ileti\u015fim kurduktan sonra, m\u00fc\u015fterimizin Elektrikli Kamyon Bataryas\u0131n\u0131 kald\u0131rmak i\u00e7in Kontrol as\u0131l\u0131 5T Elektrikli araba tipi Zincirli vin\u00e7 ihtiyac\u0131 oldu\u011funu onaylad\u0131k.<\/p>\r\n<p><strong>Elektrikli zincirli vin\u00e7 nedir?<br \/>\r\n<\/strong>Hafif kald\u0131rma ekipman\u0131d\u0131r ve ileri teknolojiye sahiptir; Ana g\u00f6vdesi y\u00fcksek mukavemetli ala\u015f\u0131ml\u0131 metalden yap\u0131lm\u0131\u015ft\u0131r, bu nedenle k\u00fc\u00e7\u00fck hacimli, hafif, kompakt yap\u0131, kolay kullan\u0131m, yak\u0131\u015f\u0131kl\u0131 modelleme vb.<br \/>\r\n\u0130\u015fleme, araba, elektronik, cam, g\u0131da, gemi yap\u0131m\u0131 ve modernize \u00fcretim, montaj hatt\u0131, lojistik vb. \u00f6zellikle, depolama, liman, harmanlama at\u00f6lyesi vb. gibi dar-k\u00fc\u00e7\u00fck i\u015f yerleri i\u00e7in<\/p>\r\n<p><strong>3&#39;te<sup>rd<\/sup> May\u0131s 2018<\/strong>PI ve CI imzaland\u0131ktan sonra \u00f6demeyi ald\u0131ktan sonra \u00fcretimi d\u00fczenlemeye ba\u015flad\u0131k.<strong>10 May\u0131s 2018&#39;de<\/strong>, \u00fcretimi bitirdik ve a\u015fa\u011f\u0131daki resimdeki gibi mallar\u0131 teslim ettik.<\/p>\r\n<p><strong>1. Elektrikli Zincirli Vin\u00e7 \u00dcretimi.<br \/>\r\n<\/strong><img loading=\"lazy\" decoding=\"async\" src=\"https:\/\/www.dgcrane.com\/wp-content\/uploads\/2018\/10\/5T-Electric-chain-hoist-5.jpg\" alt=\"\" width=\"425\" height=\"567\" class=\"alignnone wp-image-6455\">??<img loading=\"lazy\" decoding=\"async\" src=\"https:\/\/www.dgcrane.com\/wp-content\/uploads\/2018\/10\/5T-Electric-chain-hoist.jpg\" alt=\"\" width=\"319\" height=\"567\" class=\"alignnone wp-image-6456\"><\/p>\r\n<p><strong><span>2. Elektrikli Zincirli Vin\u00e7 Teslimi.<br \/>\r\n<img loading=\"lazy\" decoding=\"async\" src=\"https:\/\/www.dgcrane.com\/wp-content\/uploads\/2018\/10\/5T-Electric-chain-hoist-3.jpg\" alt=\"\" width=\"425\" height=\"239\" class=\"wp-image-6457 alignnone\"> <img loading=\"lazy\" decoding=\"async\" src=\"https:\/\/www.dgcrane.com\/wp-content\/uploads\/2018\/10\/5T-Electric-chain-hoist-2.jpg\" alt=\"\" width=\"425\" height=\"239\" class=\"alignnone wp-image-6458\"><br \/>\r\n<img loading=\"lazy\" decoding=\"async\" src=\"https:\/\/www.dgcrane.com\/wp-content\/uploads\/2018\/10\/5T-Electric-chain-hoist-1.jpg\" alt=\"\" width=\"394\" height=\"700\" class=\"wp-image-6459 alignnone\"><\/span><\/strong><\/p>\r\n<p><strong>3.Elektrikli Zincirli Vin\u00e7 Kurulumu.<br \/>\r\n<img loading=\"lazy\" decoding=\"async\" src=\"https:\/\/www.dgcrane.com\/wp-content\/uploads\/2018\/10\/5T-Electric-chain-hoist-4.jpg\" alt=\"\" width=\"596\" height=\"725\" class=\"alignnone size-full wp-image-6460\"><\/strong><\/p>","protected":false},"excerpt":{"rendered":"Elektrikli Arabal\u0131 5T Elektrikli Zincirli Vin\u00e7 Kald\u0131rma kapasitesi: 5t Kald\u0131rma y\u00fcksekli\u011fi: 6m Kald\u0131rma h\u0131z\u0131: 2,7m\/dak Araba h\u0131z\u0131: 11\/dak G\u00fc\u00e7 kayna\u011f\u0131:3ph 400v 50hz Kontrol y\u00f6ntemi: Kontrol as\u0131l\u0131 7 Mart 2018&#39;de Sri&#39;den bir soru\u015fturma ald\u0131k Lanka. \u0130lk ba\u015fta m\u00fc\u015fterimiz bize sadece Motorlu Hareketli 5 Tonluk Elektrikli Zincirli Vin\u00e7&#39;e ihtiya\u00e7 duyduklar\u0131n\u0131 s\u00f6yledi.","protected":false},"featured_media":1357,"parent":0,"menu_order":0,"template":"","posts_category":[4],"posts_tag":[7,27,33],"class_list":["post-1077","posts","type-posts","status-publish","has-post-thumbnail","hentry","posts_category-cases","posts_tag-crane","posts_tag-hoist","posts_tag-news"],"acf":[],"_links":{"self":[{"href":"https:\/\/www.dgcrane.com\/tr\/wp-json\/wp\/v2\/xmxposts\/1077"}],"collection":[{"href":"https:\/\/www.dgcrane.com\/tr\/wp-json\/wp\/v2\/xmxposts"}],"about":[{"href":"https:\/\/www.dgcrane.com\/tr\/wp-json\/wp\/v2\/types\/posts"}],"version-history":[{"count":1,"href":"https:\/\/www.dgcrane.com\/tr\/wp-json\/wp\/v2\/xmxposts\/1077\/revisions"}],"predecessor-version":[{"id":1367,"href":"https:\/\/www.dgcrane.com\/tr\/wp-json\/wp\/v2\/xmxposts\/1077\/revisions\/1367"}],"wp:featuredmedia":[{"embeddable":true,"href":"https:\/\/www.dgcrane.com\/tr\/wp-json\/wp\/v2\/media\/1357"}],"wp:attachment":[{"href":"https:\/\/www.dgcrane.com\/tr\/wp-json\/wp\/v2\/media?parent=1077"}],"wp:term":[{"taxonomy":"posts_category","embeddable":true,"href":"https:\/\/www.dgcrane.com\/tr\/wp-json\/wp\/v2\/posts_category?post=1077"},{"taxonomy":"posts_tag","embeddable":true,"href":"https:\/\/www.dgcrane.com\/tr\/wp-json\/wp\/v2\/posts_tag?post=1077"}],"curies":[{"name":"wp","href":"https:\/\/api.w.org\/{rel}","templated":true}]}}