{"id":15502,"date":"2025-11-01T01:16:47","date_gmt":"2025-11-01T01:16:47","guid":{"rendered":"https:\/\/www.dgcrane.com\/?post_type=posts&#038;p=15502"},"modified":"2025-11-01T01:16:50","modified_gmt":"2025-11-01T01:16:50","slug":"nlh-15-5t-european-double-girder-overhead-crane-and-electric-hoist-exported-to-south-africa","status":"publish","type":"posts","link":"https:\/\/www.dgcrane.com\/sv\/posts\/nlh-15-5t-european-double-girder-overhead-crane-and-electric-hoist-exported-to-south-africa\/","title":{"rendered":"NLH 15\/5t europeisk dubbelbalkskran och elektrisk lyftkran exporteras till Sydafrika"},"content":{"rendered":"<p>Dubbelbalks traverskran<\/p>\n\n\n\n<ul class=\"wp-block-list\">\n<li>Kranmodell: NLH<\/li>\n\n\n\n<li>Kapacitet: 15\/5 ton<\/li>\n\n\n\n<li>Sp\u00e4nnvidd: 13,5m<\/li>\n\n\n\n<li>Lyfth\u00f6jd: 9m<\/li>\n\n\n\n<li>Arbetsuppgift: A5<\/li>\n\n\n\n<li>Str\u00f6mk\u00e4lla: 380V\/50Hz\/3Ph<\/li>\n\n\n\n<li>Kontrolll\u00e4ge: H\u00e4nge + fj\u00e4rrkontroll<\/li>\n\n\n\n<li>ANTAL: 1 set<\/li>\n<\/ul>\n\n\n\n<p>Europeisk typ av elektrisk vajerhiss<\/p>\n\n\n\n<ul class=\"wp-block-list\">\n<li>Kapacitet: 5 ton<\/li>\n\n\n\n<li>Lyfth\u00f6jd: 9m<\/li>\n\n\n\n<li>Arbetsuppgift: M5<\/li>\n\n\n\n<li>Str\u00f6mk\u00e4lla: 380V\/50Hz\/3ph<\/li>\n\n\n\n<li>ANTAL: 2 set<\/li>\n<\/ul>\n\n\n\n<p>Europeisk typ av elektrisk vajerhiss<\/p>\n\n\n\n<ul class=\"wp-block-list\">\n<li>Kapacitet: 5 ton<\/li>\n\n\n\n<li>Lyfth\u00f6jd: 6m<\/li>\n\n\n\n<li>Arbetsuppgift: M5<\/li>\n\n\n\n<li>Str\u00f6mk\u00e4lla: 380V\/50Hz\/3ph<\/li>\n\n\n\n<li>ANTAL: 2 set<\/li>\n<\/ul>\n\n\n\n<p>Europeisk typ av elektrisk vajerhiss<\/p>\n\n\n\n<ul class=\"wp-block-list\">\n<li>Kapacitet: 10 ton<\/li>\n\n\n\n<li>Lyfth\u00f6jd: 9m<\/li>\n\n\n\n<li>Arbetsuppgift: M5<\/li>\n\n\n\n<li>Str\u00f6mk\u00e4lla: 380V\/50Hz\/3ph<\/li>\n\n\n\n<li>ANTAL: 1 set<\/li>\n<\/ul>\n\n\n\n<p>Europeisk typ av elektrisk vajerlyftvagn (fast typ)<\/p>\n\n\n\n<ul class=\"wp-block-list\">\n<li>Kapacitet: 5 ton<\/li>\n\n\n\n<li>Lyfth\u00f6jd: 9m<\/li>\n\n\n\n<li>Arbetsuppgift: M5<\/li>\n\n\n\n<li>Str\u00f6mk\u00e4lla: 380V\/50Hz\/3ph<\/li>\n\n\n\n<li>ANTAL: 2 set<\/li>\n<\/ul>\n\n\n\n<p>Detta \u00e4r en upprepad best\u00e4llning fr\u00e5n samma kund. Efter att den f\u00f6rsta kransatsen har installerats framg\u00e5ngsrikt \u00e4r kunden mycket n\u00f6jd med produktkvaliteten och skickar den andra ink\u00f6psordern.<\/p>\n\n\n\n<p>Kunden efterfr\u00e5gar en traverskran av europeisk typ, denna typ av kran anv\u00e4nds nu flitigt b\u00e5de i hemlandet och utomlands. Lyftmekanismen och kranens \u00e5kmekanism anv\u00e4nder alla tre-i-ett-v\u00e4xelmotorer, dess arbetsklass \u00e4r A5, vilket kan uppfylla kraven f\u00f6r medelstora arbetsf\u00f6rh\u00e5llanden. F\u00f6r l\u00e5ngsiktigt bruk har den h\u00f6g kostnadseffektivitet.<\/p>\n\n\n\n<p>F\u00f6rdelarna med europeiska kranar \u00e4r f\u00f6ljande:<\/p>\n\n\n\n<ul class=\"wp-block-list\">\n<li>Krokens d\u00f6dzon (krokgr\u00e4nsbrytare) \u00e4r mycket liten, vilket kan f\u00f6rb\u00e4ttra fabrikens effektivitet och utnyttja det begr\u00e4nsade utrymmet maximalt.<\/li>\n\n\n\n<li>Den arbetar tyst, vilket g\u00f6r din produktionsmilj\u00f6 lugnare och undviker bullerf\u00f6roreningar.<\/li>\n\n\n\n<li>Enkelt underh\u00e5ll: Kranar i europeisk stil har en enkel design, \u00e4r l\u00e4tta att underh\u00e5lla och har en l\u00e5ng livsl\u00e4ngd, vilket minskar underh\u00e5llskostnaderna.<\/li>\n\n\n\n<li>Milj\u00f6v\u00e4nliga: Kranar i europeisk stil anv\u00e4nder milj\u00f6v\u00e4nliga material och tillverkningsprocesser, och har l\u00e5g energif\u00f6rbrukning, vilket resulterar i minimal milj\u00f6p\u00e5verkan.<\/li>\n<\/ul>\n\n\n\n<p>Denna best\u00e4llning slutf\u00f6rdes inom 40 dagar och levererades utan problem.<\/p>\n\n\n\n<p>Nedan finns bilder p\u00e5 f\u00e4rdiga produkter och bilder p\u00e5 kranlastning.<\/p>\n\n\n\n<figure class=\"wp-block-image size-full\"><img loading=\"lazy\" decoding=\"async\" width=\"1706\" height=\"1137\" src=\"https:\/\/www.dgcrane.com\/wp-content\/uploads\/2025\/11\/Main-Beam-of-Double-Girder-Overhead-Crane.jpg\" alt=\"\" class=\"wp-image-15504\" srcset=\"https:\/\/www.dgcrane.com\/wp-content\/uploads\/2025\/11\/Main-Beam-of-Double-Girder-Overhead-Crane.jpg 1706w, https:\/\/www.dgcrane.com\/wp-content\/uploads\/2025\/11\/Main-Beam-of-Double-Girder-Overhead-Crane-1536x1024.jpg 1536w\" sizes=\"(max-width: 1706px) 100vw, 1706px\" \/><\/figure>\n\n\n\n<figure class=\"wp-block-image size-full\"><img loading=\"lazy\" decoding=\"async\" width=\"1706\" height=\"1137\" src=\"https:\/\/www.dgcrane.com\/wp-content\/uploads\/2025\/11\/main-beam-2.jpg\" alt=\"\" class=\"wp-image-15506\" srcset=\"https:\/\/www.dgcrane.com\/wp-content\/uploads\/2025\/11\/main-beam-2.jpg 1706w, https:\/\/www.dgcrane.com\/wp-content\/uploads\/2025\/11\/main-beam-2-1536x1024.jpg 1536w\" sizes=\"(max-width: 1706px) 100vw, 1706px\" \/><\/figure>\n\n\n\n<figure class=\"wp-block-image size-full\"><img loading=\"lazy\" decoding=\"async\" width=\"2560\" height=\"1707\" src=\"https:\/\/www.dgcrane.com\/wp-content\/uploads\/2025\/11\/End-Beam-of-Double-Girder-Overhead-Crane-scaled.jpg\" alt=\"\" class=\"wp-image-15507\" srcset=\"https:\/\/www.dgcrane.com\/wp-content\/uploads\/2025\/11\/End-Beam-of-Double-Girder-Overhead-Crane-scaled.jpg 2560w, https:\/\/www.dgcrane.com\/wp-content\/uploads\/2025\/11\/End-Beam-of-Double-Girder-Overhead-Crane-1536x1024.jpg 1536w, https:\/\/www.dgcrane.com\/wp-content\/uploads\/2025\/11\/End-Beam-of-Double-Girder-Overhead-Crane-2048x1366.jpg 2048w\" sizes=\"(max-width: 2560px) 100vw, 2560px\" \/><\/figure>\n\n\n\n<figure class=\"wp-block-image size-full\"><img loading=\"lazy\" decoding=\"async\" width=\"1280\" height=\"853\" src=\"https:\/\/www.dgcrane.com\/wp-content\/uploads\/2025\/11\/package.jpg\" alt=\"\" class=\"wp-image-15508\"><\/figure>\n\n\n\n<p>Eventuella krav p\u00e5 kranarna, v\u00e4nligen kontakta DGCRANE. Du f\u00e5r alltid de b\u00e4sta produkterna och servicen av oss!<\/p>","protected":false},"excerpt":{"rendered":"Dubbelbalkstraverskran Europeisk st\u00e5lvajertelfer Europeisk st\u00e5lvajertelfer Europeisk st\u00e5lvajertelfer Europeisk st\u00e5lvajertelfer Europeisk st\u00e5lvajertelfer Elektrisk st\u00e5lvajervagn (fast typ) Detta \u00e4r en upprepad best\u00e4llning fr\u00e5n samma kund, efter att den f\u00f6rsta kransatsen har installerats framg\u00e5ngsrikt \u00e4r kunden mycket n\u00f6jd med [\u2026]","protected":false},"featured_media":15505,"parent":0,"menu_order":0,"template":"single-case.php","posts_category":[4],"posts_tag":[78,251],"class_list":["post-15502","posts","type-posts","status-publish","has-post-thumbnail","hentry","posts_category-cases","posts_tag-double-girder-overhead-crane","posts_tag-south-africa"],"acf":[],"_links":{"self":[{"href":"https:\/\/www.dgcrane.com\/sv\/wp-json\/wp\/v2\/xmxposts\/15502"}],"collection":[{"href":"https:\/\/www.dgcrane.com\/sv\/wp-json\/wp\/v2\/xmxposts"}],"about":[{"href":"https:\/\/www.dgcrane.com\/sv\/wp-json\/wp\/v2\/types\/posts"}],"version-history":[{"count":2,"href":"https:\/\/www.dgcrane.com\/sv\/wp-json\/wp\/v2\/xmxposts\/15502\/revisions"}],"predecessor-version":[{"id":15509,"href":"https:\/\/www.dgcrane.com\/sv\/wp-json\/wp\/v2\/xmxposts\/15502\/revisions\/15509"}],"wp:featuredmedia":[{"embeddable":true,"href":"https:\/\/www.dgcrane.com\/sv\/wp-json\/wp\/v2\/media\/15505"}],"wp:attachment":[{"href":"https:\/\/www.dgcrane.com\/sv\/wp-json\/wp\/v2\/media?parent=15502"}],"wp:term":[{"taxonomy":"posts_category","embeddable":true,"href":"https:\/\/www.dgcrane.com\/sv\/wp-json\/wp\/v2\/posts_category?post=15502"},{"taxonomy":"posts_tag","embeddable":true,"href":"https:\/\/www.dgcrane.com\/sv\/wp-json\/wp\/v2\/posts_tag?post=15502"}],"curies":[{"name":"wp","href":"https:\/\/api.w.org\/{rel}","templated":true}]}}