{"id":1091,"date":"2020-12-16T00:00:00","date_gmt":"2020-12-16T00:00:00","guid":{"rendered":"https:\/\/www.dgcrane.com\/posts\/5ton-hd-european-type-single-girder-overhead-crane-exported-to-qatar\/"},"modified":"2022-10-24T02:52:51","modified_gmt":"2022-10-24T02:52:51","slug":"5ton-hd-european-type-single-girder-overhead-crane-exported-to-qatar","status":"publish","type":"posts","link":"https:\/\/www.dgcrane.com\/sv\/posts\/5ton-hd-european-type-single-girder-overhead-crane-exported-to-qatar\/","title":{"rendered":"5Ton HD europeisk typ enkelbalk traverskran till salu till Qatar"},"content":{"rendered":"<p>Kranlyftkapacitet: 5 ton<br \/>\r\nKransp\u00e4nnvidd: 25m<br \/>\r\nKranlyfth\u00f6jd: 7,5m<br \/>\r\nKranl\u00e4ngd: 66m<\/p>\r\n<p>F\u00f6rra veckan, en upps\u00e4ttning HD5ton <a href=\"https:\/\/www.dgcrane.com\/sv\/products\/overhead-cranes-for-sale\/\">Europeisk typ enbalks traverskran<\/a> med 25 m sp\u00e4nnvidd lastad inne i v\u00e5r fabrik. Denna kran \u00e4r f\u00f6r v\u00e5r nya Qatar-kund Mr. Atef.<\/p>\r\n<p>F\u00f6rsta kontakten med Mr Atef var \u00e5r 2019. Han kontaktade oss och bad om offerter f\u00f6r traverser. Det tog bara 2 dagar f\u00f6r mig att skicka ritningar och offert f\u00f6r Mr. Atef \u00a1\u00af s f\u00f6rfr\u00e5gan. \u00c4ven om vi inte fick den ordningen, g\u00f6r v\u00e5rt snabba svar och v\u00e5ra professionella herr Atef mycket n\u00f6jd. Sedan dess har han skickat n\u00e5gra f\u00f6rfr\u00e5gningar till oss om olika typer av kranar inklusive portalkranar, traverskranar och sv\u00e4ngkranar, med olika specifikationer. Vi utarbetade offerter f\u00f6r alla hans f\u00f6rfr\u00e5gningar, och till slut fick vi best\u00e4llningen p\u00e5 HD 5 tons enkelbalks traverskranen.<\/p>\r\n<p>Denna kran \u00e4r f\u00f6r Mr. Atefs kund, eftersom hans kund har h\u00f6ga krav p\u00e5 kranarbetsprestanda och konfigurationer erbjuder vi den europeiska l\u00f6sningen. F\u00f6r denna l\u00f6sning \u00e4r lyftmotorn av ABM-m\u00e4rket, lyftmotorn f\u00f6r lyftanordningen av m\u00e4rket SEW. Kranens l\u00e5nga motorer \u00e4r av SEW-band, den elektriska \u00e4r Schneider-m\u00e4rket, VFD f\u00f6r kranen \u00e4r ocks\u00e5 Schneider-m\u00e4rket.<\/p>\r\n<p>F\u00f6ljande \u00e4r n\u00e5gra detaljerade bilder f\u00f6r referens:<\/p>\r\n<p>Lyftmotor \u2014 ABM-m\u00e4rke<br \/>\r\n<img loading=\"lazy\" decoding=\"async\" src=\"https:\/\/www.dgcrane.com\/wp-content\/uploads\/2020\/12\/Lifting-ABM-motor.jpg?w=1000\" alt=\"Lyftande ABM-motor\" width=\"1600\" height=\"1066\" class=\"alignnone size-full wp-image-9375\" \/><\/p>\r\n<p>Kranmotorer f\u00f6r l\u00e5nga r\u00f6relser \u2014 m\u00e4rket SEW<br \/>\r\n<img loading=\"lazy\" decoding=\"async\" src=\"https:\/\/www.dgcrane.com\/wp-content\/uploads\/2020\/12\/SEW-single-girder-crane-running-motor.jpg?w=1000\" alt=\"L\u00e5ngg\u00e5ende kranmotorer\" width=\"1599\" height=\"1066\" class=\"alignnone size-full wp-image-9377\" \/><\/p>\r\n<p>Vid lastning \u00e4r alla delar v\u00e4l packade, den elektriska lintelfern av europeisk typ p\u00e5 5 ton \u00e4r packad i plywoodl\u00e5dan.<br \/>\r\n<img loading=\"lazy\" decoding=\"async\" src=\"https:\/\/www.dgcrane.com\/wp-content\/uploads\/2020\/12\/Wooden-box-for-electric-hoist.jpg?w=1000\" alt=\"Tr\u00e4l\u00e5da f\u00f6r ellyft\" width=\"1600\" height=\"1067\" class=\"alignnone size-full wp-image-9378\" \/><\/p>\r\n<p>De elektriska tillbeh\u00f6ren \u00e4r ocks\u00e5 f\u00f6rpackade i en plywoodl\u00e5da<br \/>\r\n<img loading=\"lazy\" decoding=\"async\" src=\"https:\/\/www.dgcrane.com\/wp-content\/uploads\/2020\/12\/Wooden-box-for-accessories.jpg?w=1000\" alt=\"Tr\u00e4l\u00e5da f\u00f6r tillbeh\u00f6r\" width=\"1600\" height=\"1066\" class=\"alignnone size-full wp-image-9379\" \/><\/p>\r\n<p>Huvudbalkarna och \u00e4ndvagnarna \u00e4r packade av det v\u00e4vda polyetentyget.<br \/>\r\n<img loading=\"lazy\" decoding=\"async\" src=\"https:\/\/www.dgcrane.com\/wp-content\/uploads\/2020\/12\/Rainproof-cloth-packaging-2.jpg?w=1000\" alt=\"Regnt\u00e4t tygf\u00f6rpackning\" width=\"800\" height=\"1066\" class=\"alignnone size-full wp-image-9381\" \/><\/p>\r\n<p><img loading=\"lazy\" decoding=\"async\" src=\"https:\/\/www.dgcrane.com\/wp-content\/uploads\/2020\/12\/Rainproof-cloth-packaging-1.jpg?w=1000\" alt=\"Regnt\u00e4t tygf\u00f6rpackning \" width=\"800\" height=\"1066\" class=\"alignnone size-full wp-image-9380\" \/><\/p>","protected":false},"excerpt":{"rendered":"Kranlyftkapacitet: 5 ton Kransp\u00e4nnvidd: 25 m Kranlyfth\u00f6jd: 7,5 m Kransl\u00e4ngd: 66 m F\u00f6rra veckan, en upps\u00e4ttning HD5ton europeisk enkelbalks traverskran med 25 m sp\u00e4nnvidd lastad inne i v\u00e5r fabrik. Denna kran \u00e4r till v\u00e5r nya Qatar-kund Mr. Atef. F\u00f6rsta kontakten med Mr Atef var \u00e5r 2019. Han kontaktade oss [\u2026]","protected":false},"featured_media":1391,"parent":0,"menu_order":0,"template":"","posts_category":[4],"posts_tag":[7,32,54,27,59,33,6,34],"class_list":["post-1091","posts","type-posts","status-publish","has-post-thumbnail","hentry","posts_category-cases","posts_tag-crane","posts_tag-crane-news","posts_tag-gantry-crane","posts_tag-hoist","posts_tag-jib-crane","posts_tag-news","posts_tag-overhead-crane","posts_tag-overhead-cranes"],"acf":[],"_links":{"self":[{"href":"https:\/\/www.dgcrane.com\/sv\/wp-json\/wp\/v2\/xmxposts\/1091"}],"collection":[{"href":"https:\/\/www.dgcrane.com\/sv\/wp-json\/wp\/v2\/xmxposts"}],"about":[{"href":"https:\/\/www.dgcrane.com\/sv\/wp-json\/wp\/v2\/types\/posts"}],"version-history":[{"count":1,"href":"https:\/\/www.dgcrane.com\/sv\/wp-json\/wp\/v2\/xmxposts\/1091\/revisions"}],"predecessor-version":[{"id":1392,"href":"https:\/\/www.dgcrane.com\/sv\/wp-json\/wp\/v2\/xmxposts\/1091\/revisions\/1392"}],"wp:featuredmedia":[{"embeddable":true,"href":"https:\/\/www.dgcrane.com\/sv\/wp-json\/wp\/v2\/media\/1391"}],"wp:attachment":[{"href":"https:\/\/www.dgcrane.com\/sv\/wp-json\/wp\/v2\/media?parent=1091"}],"wp:term":[{"taxonomy":"posts_category","embeddable":true,"href":"https:\/\/www.dgcrane.com\/sv\/wp-json\/wp\/v2\/posts_category?post=1091"},{"taxonomy":"posts_tag","embeddable":true,"href":"https:\/\/www.dgcrane.com\/sv\/wp-json\/wp\/v2\/posts_tag?post=1091"}],"curies":[{"name":"wp","href":"https:\/\/api.w.org\/{rel}","templated":true}]}}