{"id":1009,"date":"2014-12-24T00:00:00","date_gmt":"2014-12-24T00:00:00","guid":{"rendered":"https:\/\/www.dgcrane.com\/posts\/turkey-jib-crane-project\/"},"modified":"2022-10-24T02:53:39","modified_gmt":"2022-10-24T02:53:39","slug":"turkey-jib-crane-project","status":"publish","type":"posts","link":"https:\/\/www.dgcrane.com\/sv\/2013\/08\/turkey-jib-crane-project\/","title":{"rendered":"Turkiet Jib Crane Project"},"content":{"rendered":"<p><em><strong>Turkiet sv\u00e4ngkran<\/strong><\/em> exporterade till Turkiet den 16 augusti 2013<\/p>\r\n<p>Den h\u00e4r kunden \u00e4r v\u00e4ldigt upptagen varje dag, speciellt ingen tid f\u00f6r oss att diskutera de best\u00e4llda sv\u00e4ngkrandetaljerna, s\u00e5 f\u00f6rhandlingen avbr\u00f6ts m\u00e5nga m\u00e5nga g\u00e5nger. Men lyckligtvis, efter ungef\u00e4r ett \u00e5rs diskussion om sv\u00e4ngkranens specifikationer, arbetsmilj\u00f6, arbetsradie etc, fick \u00e4ntligen provordern. Och de best\u00e4llda sv\u00e4ngkranens specifikationer enligt nedan:<\/p>\r\n<p>Modell: BZ stativ pelarkran<br \/>\r\n 1.lyftkapacitet: 2 t<\/p>\r\n<p>2.lyfth\u00f6jd: 5 m<\/p>\r\n<p>3.sp\u00e4nnvidd: 6 m<\/p>\r\n<p>4.applikation: stenbearbetningsfabrik (inomhus)<\/p>\r\n<p><span>5. kvantitet: 5 set<\/span><br \/>\r\n <span>Specifikationer:<\/span><br \/>\r\n <span>1.lyftkapacitet: 2 t<\/span><br \/>\r\n <span>2.lyfth\u00f6jd: 5 m<\/span><br \/>\r\n <span>3.sp\u00e4nnvidd: 6 m<\/span><\/p>\r\n<div id=\"newsInfo\">\r\n<p>?<img loading=\"lazy\" decoding=\"async\" class=\"alignnone size-full wp-image-4899\" title=\"Paketering och leverans av Stand Column \" alt=\"Turkiet sv\u00e4ngkran\" src=\"\/wp-content\/uploads\/2013\/08\/Pacakge-and-delivery-of-Stand-Column.jpg\" width=\"563\" height=\"257\" \/><\/p>\r\n<p><span>Innan du laddar upp till beh\u00e5llaren \u00e4r alla v\u00e5ra produkter v\u00e4l f\u00f6rpackade med <\/span><a>vattent\u00e4t<\/a><span>\u00a0<\/span><a>tyg f\u00f6r att skydda produkterna fr\u00e5n att korrodera av den fr\u00e4tande v\u00e4tskan. Vi g\u00f6r v\u00e5rt yttersta f\u00f6r att s\u00e4kerst\u00e4lla kvaliteten p\u00e5 produkterna\u00a0<\/a><a>fr\u00e5n varje detalj.<\/a><\/p>\r\n<p><img loading=\"lazy\" decoding=\"async\" class=\"alignnone size-full wp-image-4900\" title=\"Reservdelar och hissar var packege i tr\u00e4l\u00e5da\" alt=\"Turkiet sv\u00e4ngkran\" src=\"\/wp-content\/uploads\/2013\/08\/Spare-parts-and-hoists-were-packege-in-wooden-bo.jpg\" width=\"566\" height=\"338\" \/><\/p>\r\n<p>F\u00f6r att undvika kollision paketeras jibbkranar reservdelar i tr\u00e4l\u00e5dorna. Den frib\u00e4rande balken p\u00e5 sv\u00e4ngkran \u00e4r v\u00e4l paketerad och satt p\u00e5 tr\u00e4l\u00e5dorna.<\/p>\r\n<p><strong>Kort introduktion om Turkiet sv\u00e4ngkran<\/strong><\/p>\r\n<p>BZ Typ Kolumnmonterad sv\u00e4ngkran \u00e4r en liten och medelhastighet lyftutrustning som nyligen utvecklats. Den kan anv\u00e4ndas i tredimensionell milj\u00f6. Den \u00e4r \u00f6verl\u00e4gsen vid korta, koncentrerade lyft.<\/p>\r\n<p><img loading=\"lazy\" decoding=\"async\" class=\"alignnone size-full wp-image-4906\" title=\"skiss av produkten\" alt=\"skiss av produkten\" src=\"\/wp-content\/uploads\/2013\/08\/sketch-of-the-product.png\" width=\"571\" height=\"447\" \/><\/p>\r\n<p><strong>Teknisk specifikation:<\/strong><\/p>\r\n<p><img decoding=\"async\" src=\"https:\/\/www.dgcrane.com\/wp-content\/uploads\/2017\/04\/1.png\" alt=\"\"><\/p>\r\n<\/div>","protected":false},"excerpt":{"rendered":"Turkiet sv\u00e4ngkran exporterad till Turkiet den 16 augusti 2013 Denna kund \u00e4r v\u00e4ldigt upptagen varje dag, speciellt ingen tid f\u00f6r oss att diskutera de best\u00e4llda sv\u00e4ngkrandetaljerna, s\u00e5 f\u00f6rhandlingen avbr\u00f6ts m\u00e5nga m\u00e5nga g\u00e5nger. Men lyckligtvis, efter ungef\u00e4r ett \u00e5rs diskussion om sv\u00e4ngkranens specifikationer, arbetsmilj\u00f6, arbetsradie etc, [\u2026]","protected":false},"featured_media":1277,"parent":0,"menu_order":0,"template":"","posts_category":[4],"posts_tag":[7,32,27,59,38,33],"class_list":["post-1009","posts","type-posts","status-publish","has-post-thumbnail","hentry","posts_category-cases","posts_tag-crane","posts_tag-crane-news","posts_tag-hoist","posts_tag-jib-crane","posts_tag-jib-cranes","posts_tag-news"],"acf":[],"_links":{"self":[{"href":"https:\/\/www.dgcrane.com\/sv\/wp-json\/wp\/v2\/xmxposts\/1009"}],"collection":[{"href":"https:\/\/www.dgcrane.com\/sv\/wp-json\/wp\/v2\/xmxposts"}],"about":[{"href":"https:\/\/www.dgcrane.com\/sv\/wp-json\/wp\/v2\/types\/posts"}],"version-history":[{"count":3,"href":"https:\/\/www.dgcrane.com\/sv\/wp-json\/wp\/v2\/xmxposts\/1009\/revisions"}],"predecessor-version":[{"id":1503,"href":"https:\/\/www.dgcrane.com\/sv\/wp-json\/wp\/v2\/xmxposts\/1009\/revisions\/1503"}],"wp:featuredmedia":[{"embeddable":true,"href":"https:\/\/www.dgcrane.com\/sv\/wp-json\/wp\/v2\/media\/1277"}],"wp:attachment":[{"href":"https:\/\/www.dgcrane.com\/sv\/wp-json\/wp\/v2\/media?parent=1009"}],"wp:term":[{"taxonomy":"posts_category","embeddable":true,"href":"https:\/\/www.dgcrane.com\/sv\/wp-json\/wp\/v2\/posts_category?post=1009"},{"taxonomy":"posts_tag","embeddable":true,"href":"https:\/\/www.dgcrane.com\/sv\/wp-json\/wp\/v2\/posts_tag?post=1009"}],"curies":[{"name":"wp","href":"https:\/\/api.w.org\/{rel}","templated":true}]}}