{"id":1091,"date":"2020-12-16T00:00:00","date_gmt":"2020-12-16T00:00:00","guid":{"rendered":"https:\/\/www.dgcrane.com\/posts\/5ton-hd-european-type-single-girder-overhead-crane-exported-to-qatar\/"},"modified":"2022-10-24T02:52:51","modified_gmt":"2022-10-24T02:52:51","slug":"5ton-hd-european-type-single-girder-overhead-crane-exported-to-qatar","status":"publish","type":"posts","link":"https:\/\/www.dgcrane.com\/no\/posts\/5ton-hd-european-type-single-girder-overhead-crane-exported-to-qatar\/","title":{"rendered":"5Ton HD Europeisk type enkeltbjelke overhead kran til salgs til Qatar"},"content":{"rendered":"<p>Kranl\u00f8ftekapasitet: 5Ton<br \/>\r\nKranspenn: 25m<br \/>\r\nKranl\u00f8fteh\u00f8yde: 7,5m<br \/>\r\nKranvandringslengde: 66m<\/p>\r\n<p>Forrige uke, ett sett HD5ton <a href=\"https:\/\/www.dgcrane.com\/no\/products\/overhead-cranes-for-sale\/\">Europeisk type enkeltbjelke traverskran<\/a> med 25m spennvidde lastet inne i fabrikken v\u00e5r. Denne kranen er for v\u00e5r nye Qatar-kunde Mr. Atef.<\/p>\r\n<p>F\u00f8rste kontakt med Mr Atef var i 2019. Han tok kontakt med oss og ba om tilbud p\u00e5 traverskraner. det tok bare 2 dager for meg \u00e5 sende tegninger og tilbud for Mr. Atef \u00a1\u00af s foresp\u00f8rsel. Selv om vi ikke fikk den rekkef\u00f8lgen, v\u00e5r raske respons og profesjonelle gj\u00f8r Mr. Atef veldig forn\u00f8yd. Siden da sendte han oss noen foresp\u00f8rsler om forskjellige typer kraner, inkludert portalkran, traverskran og svingkran, med forskjellige spesifikasjoner. Vi utarbeidet tilbud p\u00e5 alle foresp\u00f8rslene hans, og til slutt fikk vi ordren p\u00e5 HD 5tonns enkeltbjelke traverskranen.<\/p>\r\n<p>Denne kranen er for Mr. Atef \u00a1\u00af s kunde, siden hans kunde har h\u00f8ye krav til kran ytelse og konfigurasjoner, tilbyr vi den europeiske typen l\u00f8sning. For denne l\u00f8sningen er heisel\u00f8ftemotoren ABM-merket, taljetraverseringsmotoren er SEW-merket. Kranens langg\u00e5ende motorer er SEW-b\u00e5nd, den elektriske er Schneider-merket, VFD for kranen er ogs\u00e5 Schneider-merket.<\/p>\r\n<p>F\u00f8lgende er noen detaljerte bilder for referanse:<\/p>\r\n<p>Heisel\u00f8ftemotor \u2014 ABM-merke<br \/>\r\n<img loading=\"lazy\" decoding=\"async\" src=\"https:\/\/www.dgcrane.com\/wp-content\/uploads\/2020\/12\/Lifting-ABM-motor.jpg?w=1000\" alt=\"L\u00f8fte ABM motor\" width=\"1600\" height=\"1066\" class=\"alignnone size-full wp-image-9375\" \/><\/p>\r\n<p>Kranmotorer med lang bevegelse \u2014 SEW-merket<br \/>\r\n<img loading=\"lazy\" decoding=\"async\" src=\"https:\/\/www.dgcrane.com\/wp-content\/uploads\/2020\/12\/SEW-single-girder-crane-running-motor.jpg?w=1000\" alt=\"Kranmotorer med lang bevegelse\" width=\"1599\" height=\"1066\" class=\"alignnone size-full wp-image-9377\" \/><\/p>\r\n<p>Ved lasting er alle delene godt pakket, 5Ton europeisk type elektrisk st\u00e5ltaul\u00f8fter er pakket i kryssfinerkassen.<br \/>\r\n<img loading=\"lazy\" decoding=\"async\" src=\"https:\/\/www.dgcrane.com\/wp-content\/uploads\/2020\/12\/Wooden-box-for-electric-hoist.jpg?w=1000\" alt=\"Treboks for elektrisk talje\" width=\"1600\" height=\"1067\" class=\"alignnone size-full wp-image-9378\" \/><\/p>\r\n<p>Det elektriske tilbeh\u00f8ret er ogs\u00e5 pakket i en kryssfinerkasse<br \/>\r\n<img loading=\"lazy\" decoding=\"async\" src=\"https:\/\/www.dgcrane.com\/wp-content\/uploads\/2020\/12\/Wooden-box-for-accessories.jpg?w=1000\" alt=\"Treboks for tilbeh\u00f8r\" width=\"1600\" height=\"1066\" class=\"alignnone size-full wp-image-9379\" \/><\/p>\r\n<p>Hovedbjelkene og endevognene er pakket av polyetylen vevd duk.<br \/>\r\n<img loading=\"lazy\" decoding=\"async\" src=\"https:\/\/www.dgcrane.com\/wp-content\/uploads\/2020\/12\/Rainproof-cloth-packaging-2.jpg?w=1000\" alt=\"Regntett t\u00f8yemballasje\" width=\"800\" height=\"1066\" class=\"alignnone size-full wp-image-9381\" \/><\/p>\r\n<p><img loading=\"lazy\" decoding=\"async\" src=\"https:\/\/www.dgcrane.com\/wp-content\/uploads\/2020\/12\/Rainproof-cloth-packaging-1.jpg?w=1000\" alt=\"Regntett t\u00f8yemballasje \" width=\"800\" height=\"1066\" class=\"alignnone size-full wp-image-9380\" \/><\/p>","protected":false},"excerpt":{"rendered":"Kranl\u00f8ftekapasitet: 5Ton Kranspenn: 25m Kranl\u00f8fteh\u00f8yde: 7,5m Kranbevegelseslengde: 66m I forrige uke ble det lastet ett sett HD5ton europeisk type enkeltbjelke overheadkran med 25m spennvidde inne i fabrikken v\u00e5r. Denne kranen er for v\u00e5r nye Qatar-kunde Mr. Atef. F\u00f8rste kontakt med Mr Atef var i 2019. Han kontaktet oss [\u2026]","protected":false},"featured_media":1391,"parent":0,"menu_order":0,"template":"","posts_category":[4],"posts_tag":[7,32,54,27,59,33,6,34],"class_list":["post-1091","posts","type-posts","status-publish","has-post-thumbnail","hentry","posts_category-cases","posts_tag-crane","posts_tag-crane-news","posts_tag-gantry-crane","posts_tag-hoist","posts_tag-jib-crane","posts_tag-news","posts_tag-overhead-crane","posts_tag-overhead-cranes"],"acf":[],"_links":{"self":[{"href":"https:\/\/www.dgcrane.com\/no\/wp-json\/wp\/v2\/xmxposts\/1091"}],"collection":[{"href":"https:\/\/www.dgcrane.com\/no\/wp-json\/wp\/v2\/xmxposts"}],"about":[{"href":"https:\/\/www.dgcrane.com\/no\/wp-json\/wp\/v2\/types\/posts"}],"version-history":[{"count":1,"href":"https:\/\/www.dgcrane.com\/no\/wp-json\/wp\/v2\/xmxposts\/1091\/revisions"}],"predecessor-version":[{"id":1392,"href":"https:\/\/www.dgcrane.com\/no\/wp-json\/wp\/v2\/xmxposts\/1091\/revisions\/1392"}],"wp:featuredmedia":[{"embeddable":true,"href":"https:\/\/www.dgcrane.com\/no\/wp-json\/wp\/v2\/media\/1391"}],"wp:attachment":[{"href":"https:\/\/www.dgcrane.com\/no\/wp-json\/wp\/v2\/media?parent=1091"}],"wp:term":[{"taxonomy":"posts_category","embeddable":true,"href":"https:\/\/www.dgcrane.com\/no\/wp-json\/wp\/v2\/posts_category?post=1091"},{"taxonomy":"posts_tag","embeddable":true,"href":"https:\/\/www.dgcrane.com\/no\/wp-json\/wp\/v2\/posts_tag?post=1091"}],"curies":[{"name":"wp","href":"https:\/\/api.w.org\/{rel}","templated":true}]}}