{"id":12193,"date":"2025-03-03T05:39:06","date_gmt":"2025-03-03T05:39:06","guid":{"rendered":"https:\/\/www.dgcrane.com\/?post_type=posts&#038;p=12193"},"modified":"2025-03-04T07:00:04","modified_gmt":"2025-03-04T07:00:04","slug":"5-ton-electric-portable-gantry-crane-for-sale-in-ecuador","status":"publish","type":"posts","link":"https:\/\/www.dgcrane.com\/fr\/posts\/5-ton-electric-portable-gantry-crane-for-sale-in-ecuador\/","title":{"rendered":"Grue portique \u00e9lectrique portable de 5 tonnes \u00e0 vendre en \u00c9quateur"},"content":{"rendered":"<p>En janvier, nous avons re\u00e7u la demande pour le 5 tonnes <a href=\"https:\/\/www.dgcrane.com\/fr\/portable-gantry-cranes\/\">grue portique portative<\/a> de notre client en \u00c9quateur. Le client a confirm\u00e9 la commande avec nous dans la semaine suivant la date \u00e0 laquelle il a re\u00e7u notre devis. Il a mentionn\u00e9 que notre prix est bon et que nous avons de bonnes r\u00e9f\u00e9rences dans les pays d&#39;Am\u00e9rique du Sud, c&#39;est pourquoi il a choisi de coop\u00e9rer avec nous.<\/p>\n\n\n\n<p>Apr\u00e8s notre retour des vacances du Nouvel An chinois, la production de la grue \u00e0 portique portable a officiellement commenc\u00e9. Toute la production a \u00e9t\u00e9 termin\u00e9e en 20 jours.<\/p>\n\n\n\n<p>Voici quelques photos finales de la grue \u00e0 portique portable de 5 tonnes, veuillez v\u00e9rifier\u00a0:<\/p>\n\n\n\n<figure class=\"wp-block-image size-full\"><img loading=\"lazy\" decoding=\"async\" width=\"2560\" height=\"1706\" src=\"https:\/\/www.dgcrane.com\/wp-content\/uploads\/2025\/03\/5ton-electric-chain-hoist-scaled.jpg\" alt=\"\" class=\"wp-image-12195\" srcset=\"https:\/\/www.dgcrane.com\/wp-content\/uploads\/2025\/03\/5ton-electric-chain-hoist-scaled.jpg 2560w, https:\/\/www.dgcrane.com\/wp-content\/uploads\/2025\/03\/5ton-electric-chain-hoist-1536x1024.jpg 1536w, https:\/\/www.dgcrane.com\/wp-content\/uploads\/2025\/03\/5ton-electric-chain-hoist-2048x1365.jpg 2048w\" sizes=\"(max-width: 2560px) 100vw, 2560px\" \/><figcaption class=\"wp-element-caption\">Palan \u00e9lectrique \u00e0 cha\u00eene de 5 tonnes<\/figcaption><\/figure>\n\n\n\n<figure class=\"wp-block-image size-full\"><img loading=\"lazy\" decoding=\"async\" width=\"2560\" height=\"1707\" src=\"https:\/\/www.dgcrane.com\/wp-content\/uploads\/2025\/03\/5ton-electric-chain-hoist-1-1-scaled.jpg\" alt=\"\" class=\"wp-image-12196\" srcset=\"https:\/\/www.dgcrane.com\/wp-content\/uploads\/2025\/03\/5ton-electric-chain-hoist-1-1-scaled.jpg 2560w, https:\/\/www.dgcrane.com\/wp-content\/uploads\/2025\/03\/5ton-electric-chain-hoist-1-1-1536x1024.jpg 1536w, https:\/\/www.dgcrane.com\/wp-content\/uploads\/2025\/03\/5ton-electric-chain-hoist-1-1-2048x1365.jpg 2048w\" sizes=\"(max-width: 2560px) 100vw, 2560px\" \/><figcaption class=\"wp-element-caption\">Palan \u00e9lectrique \u00e0 cha\u00eene de 5 tonnes<\/figcaption><\/figure>\n\n\n\n<figure class=\"wp-block-image size-full\"><img loading=\"lazy\" decoding=\"async\" width=\"2560\" height=\"1707\" src=\"https:\/\/www.dgcrane.com\/wp-content\/uploads\/2025\/03\/5ton-electric-chain-hoist-1-1-1-scaled.jpg\" alt=\"\" class=\"wp-image-12197\" srcset=\"https:\/\/www.dgcrane.com\/wp-content\/uploads\/2025\/03\/5ton-electric-chain-hoist-1-1-1-scaled.jpg 2560w, https:\/\/www.dgcrane.com\/wp-content\/uploads\/2025\/03\/5ton-electric-chain-hoist-1-1-1-1536x1024.jpg 1536w, https:\/\/www.dgcrane.com\/wp-content\/uploads\/2025\/03\/5ton-electric-chain-hoist-1-1-1-2048x1365.jpg 2048w\" sizes=\"(max-width: 2560px) 100vw, 2560px\" \/><figcaption class=\"wp-element-caption\">Palan \u00e9lectrique \u00e0 cha\u00eene de 5 tonnes<\/figcaption><\/figure>\n\n\n\n<p>Coffret de commande \u00e9lectrique pour portique portable de 5 tonnes, comprenant les principaux composants \u00e9lectriques de marque Schneider.<\/p>\n\n\n\n<figure class=\"wp-block-image size-full\"><img loading=\"lazy\" decoding=\"async\" width=\"2560\" height=\"1706\" src=\"https:\/\/www.dgcrane.com\/wp-content\/uploads\/2025\/03\/5-ton-portable-gantry-crane-electronic-control-box-scaled.jpg\" alt=\"\" class=\"wp-image-12198\" srcset=\"https:\/\/www.dgcrane.com\/wp-content\/uploads\/2025\/03\/5-ton-portable-gantry-crane-electronic-control-box-scaled.jpg 2560w, https:\/\/www.dgcrane.com\/wp-content\/uploads\/2025\/03\/5-ton-portable-gantry-crane-electronic-control-box-1536x1024.jpg 1536w, https:\/\/www.dgcrane.com\/wp-content\/uploads\/2025\/03\/5-ton-portable-gantry-crane-electronic-control-box-2048x1365.jpg 2048w\" sizes=\"(max-width: 2560px) 100vw, 2560px\" \/><\/figure>\n\n\n\n<p>Nous travaillons actuellement \u00e0 la livraison de la grue \u00e0 portique portable de 5 tonnes. Pour \u00e9conomiser les frais de transport pour notre client, la grue \u00e0 portique portable sera livr\u00e9e par exp\u00e9dition LCL.<\/p>\n\n\n\n<p>Les structures en acier du portique portable sont emball\u00e9es dans des palettes, le palan \u00e0 cha\u00eene \u00e9lectrique est emball\u00e9 dans des caisses en contreplaqu\u00e9, le bo\u00eetier de commande \u00e9lectrique de la grue et les accessoires sont \u00e9galement emball\u00e9s dans la caisse en contreplaqu\u00e9.<\/p>\n\n\n\n<figure class=\"wp-block-image size-full\"><img loading=\"lazy\" decoding=\"async\" width=\"870\" height=\"580\" src=\"https:\/\/www.dgcrane.com\/wp-content\/uploads\/2025\/03\/5ton-portbale-gantry-crane-steel-structure.jpg\" alt=\"\" class=\"wp-image-12200\"><\/figure>\n\n\n\n<figure class=\"wp-block-image size-full\"><img loading=\"lazy\" decoding=\"async\" width=\"870\" height=\"580\" src=\"https:\/\/www.dgcrane.com\/wp-content\/uploads\/2025\/03\/5-ton-portable-gantry-crane-electronic-control-box-3.jpg\" alt=\"\" class=\"wp-image-12199\"><\/figure>\n\n\n\n<figure class=\"wp-block-image size-full\"><img loading=\"lazy\" decoding=\"async\" width=\"870\" height=\"580\" src=\"https:\/\/www.dgcrane.com\/wp-content\/uploads\/2025\/03\/5-Ton-Electric-Portable-Gantry-Crane.jpg\" alt=\"\" class=\"wp-image-12201\"><\/figure>\n\n\n\n<p>Nous esp\u00e9rons que notre grue \u00e0 portique portable peut aider le client \u00e0 g\u00e9rer tr\u00e8s bien les travaux de levage. Et chers amis, si vous avez \u00e9galement des demandes pour la grue \u00e0 portique portable, n&#39;h\u00e9sitez pas \u00e0 nous contacter, nous serions heureux de vous proposer les solutions pour votre r\u00e9f\u00e9rence.<\/p>","protected":false},"excerpt":{"rendered":"En janvier dernier, nous avons re\u00e7u une demande de notre client en \u00c9quateur pour une grue \u00e0 portique portable de 5 tonnes. Le client a confirm\u00e9 la commande avec nous dans la semaine suivant la date \u00e0 laquelle il a re\u00e7u notre devis. Il a mentionn\u00e9 que notre prix est bon et que nous avons de bonnes r\u00e9f\u00e9rences dans les pays d&#39;Am\u00e9rique du Sud, c&#39;est pourquoi il a choisi de [\u2026]","protected":false},"featured_media":12194,"parent":0,"menu_order":0,"template":"single-case.php","posts_category":[4],"posts_tag":[206,54,113],"class_list":["post-12193","posts","type-posts","status-publish","has-post-thumbnail","hentry","posts_category-cases","posts_tag-dgcrane","posts_tag-gantry-crane","posts_tag-portable-gantry-crane"],"acf":[],"_links":{"self":[{"href":"https:\/\/www.dgcrane.com\/fr\/wp-json\/wp\/v2\/xmxposts\/12193"}],"collection":[{"href":"https:\/\/www.dgcrane.com\/fr\/wp-json\/wp\/v2\/xmxposts"}],"about":[{"href":"https:\/\/www.dgcrane.com\/fr\/wp-json\/wp\/v2\/types\/posts"}],"version-history":[{"count":2,"href":"https:\/\/www.dgcrane.com\/fr\/wp-json\/wp\/v2\/xmxposts\/12193\/revisions"}],"predecessor-version":[{"id":12203,"href":"https:\/\/www.dgcrane.com\/fr\/wp-json\/wp\/v2\/xmxposts\/12193\/revisions\/12203"}],"wp:featuredmedia":[{"embeddable":true,"href":"https:\/\/www.dgcrane.com\/fr\/wp-json\/wp\/v2\/media\/12194"}],"wp:attachment":[{"href":"https:\/\/www.dgcrane.com\/fr\/wp-json\/wp\/v2\/media?parent=12193"}],"wp:term":[{"taxonomy":"posts_category","embeddable":true,"href":"https:\/\/www.dgcrane.com\/fr\/wp-json\/wp\/v2\/posts_category?post=12193"},{"taxonomy":"posts_tag","embeddable":true,"href":"https:\/\/www.dgcrane.com\/fr\/wp-json\/wp\/v2\/posts_tag?post=12193"}],"curies":[{"name":"wp","href":"https:\/\/api.w.org\/{rel}","templated":true}]}}