{"id":1091,"date":"2020-12-16T00:00:00","date_gmt":"2020-12-16T00:00:00","guid":{"rendered":"https:\/\/www.dgcrane.com\/posts\/5ton-hd-european-type-single-girder-overhead-crane-exported-to-qatar\/"},"modified":"2022-10-24T02:52:51","modified_gmt":"2022-10-24T02:52:51","slug":"5ton-hd-european-type-single-girder-overhead-crane-exported-to-qatar","status":"publish","type":"posts","link":"https:\/\/www.dgcrane.com\/da\/posts\/5ton-hd-european-type-single-girder-overhead-crane-exported-to-qatar\/","title":{"rendered":"5Ton HD Europ\u00e6isk type Enkeltbj\u00e6lke traverskran til salg til Qatar"},"content":{"rendered":"<p>Kranl\u00f8ftekapacitet: 5Ton<br \/>\r\nKransp\u00e6nd: 25m<br \/>\r\nKranl\u00f8fteh\u00f8jde: 7,5m<br \/>\r\nKranvandringsl\u00e6ngde: 66m<\/p>\r\n<p>I sidste uge, et s\u00e6t HD5ton <a href=\"https:\/\/www.dgcrane.com\/da\/products\/overhead-cranes-for-sale\/\">Europ\u00e6isk type enkeltdrager traverskran<\/a> med 25 m sp\u00e6ndvidde indl\u00e6st inde p\u00e5 vores fabrik. Denne kran er til vores nye Qatar-kunde Mr. Atef.<\/p>\r\n<p>F\u00f8rste kontakt med hr. Atef var i \u00e5r 2019. Han kontaktede os og bad om tilbud p\u00e5 traverskraner. det tog kun 2 dage for mig at sende tegninger og tilbud til hr. Atef \u00a1\u00af r foresp\u00f8rgsel. Selvom vi ikke fik den ordre, g\u00f8r vores hurtige reaktion og professionelle hr. Atef meget tilfreds. Siden da sendte han os nogle foresp\u00f8rgsler om forskellige slags kraner, herunder portalkran, traverskran og svingkran, med forskellige specifikationer. Vi udarbejdede tilbud p\u00e5 alle hans foresp\u00f8rgsler, og endelig fik vi ordren p\u00e5 HD 5 tons enkeltdrager traverskranen.<\/p>\r\n<p>Denne kran er til hr. Atefs kunde, da hans kunde har h\u00f8je krav til kranens ydeevne og konfigurationer, tilbyder vi den europ\u00e6iske type l\u00f8sning. Til denne l\u00f8sning er hejsel\u00f8ftemotoren ABM-m\u00e6rket, hejse-traverseringsmotoren er SEW-m\u00e6rket. De lange kranmotorer er SEW-b\u00e5nd, den elektriske er Schneider-m\u00e6rket, VFD&#39;en til kranen er ogs\u00e5 Schneider-m\u00e6rket.<\/p>\r\n<p>F\u00f8lgende er nogle detaljerede billeder til reference:<\/p>\r\n<p>Hejsel\u00f8ftemotor \u2014 ABM-m\u00e6rke<br \/>\r\n<img loading=\"lazy\" decoding=\"async\" src=\"https:\/\/www.dgcrane.com\/wp-content\/uploads\/2020\/12\/Lifting-ABM-motor.jpg?w=1000\" alt=\"L\u00f8fte ABM motor\" width=\"1600\" height=\"1066\" class=\"alignnone size-full wp-image-9375\" \/><\/p>\r\n<p>Kranmotorer med lang bev\u00e6gelse \u2014 SEW-m\u00e6rket<br \/>\r\n<img loading=\"lazy\" decoding=\"async\" src=\"https:\/\/www.dgcrane.com\/wp-content\/uploads\/2020\/12\/SEW-single-girder-crane-running-motor.jpg?w=1000\" alt=\"Kranmotorer med lang bev\u00e6gelse\" width=\"1599\" height=\"1066\" class=\"alignnone size-full wp-image-9377\" \/><\/p>\r\n<p>Ved l\u00e6sning er alle delene godt pakket, den 5Ton europ\u00e6iske type elektriske wirehejse er pakket i krydsfinerkassen.<br \/>\r\n<img loading=\"lazy\" decoding=\"async\" src=\"https:\/\/www.dgcrane.com\/wp-content\/uploads\/2020\/12\/Wooden-box-for-electric-hoist.jpg?w=1000\" alt=\"Tr\u00e6boks til el-hejs\" width=\"1600\" height=\"1067\" class=\"alignnone size-full wp-image-9378\" \/><\/p>\r\n<p>Det elektriske tilbeh\u00f8r er ogs\u00e5 pakket i en krydsfinerkasse<br \/>\r\n<img loading=\"lazy\" decoding=\"async\" src=\"https:\/\/www.dgcrane.com\/wp-content\/uploads\/2020\/12\/Wooden-box-for-accessories.jpg?w=1000\" alt=\"Tr\u00e6kasse til tilbeh\u00f8r\" width=\"1600\" height=\"1066\" class=\"alignnone size-full wp-image-9379\" \/><\/p>\r\n<p>Hoveddragerne og endevognene er pakket af polyethylenv\u00e6vet stof.<br \/>\r\n<img loading=\"lazy\" decoding=\"async\" src=\"https:\/\/www.dgcrane.com\/wp-content\/uploads\/2020\/12\/Rainproof-cloth-packaging-2.jpg?w=1000\" alt=\"Regnt\u00e6t stofemballage\" width=\"800\" height=\"1066\" class=\"alignnone size-full wp-image-9381\" \/><\/p>\r\n<p><img loading=\"lazy\" decoding=\"async\" src=\"https:\/\/www.dgcrane.com\/wp-content\/uploads\/2020\/12\/Rainproof-cloth-packaging-1.jpg?w=1000\" alt=\"Regnt\u00e6t stofemballage \" width=\"800\" height=\"1066\" class=\"alignnone size-full wp-image-9380\" \/><\/p>","protected":false},"excerpt":{"rendered":"Kranl\u00f8ftekapacitet: 5Ton Kransp\u00e6nd: 25m Kranl\u00f8fteh\u00f8jde: 7,5m Kranvandringsl\u00e6ngde: 66m I sidste uge blev der l\u00e6sset et s\u00e6t HD5ton europ\u00e6isk type enkeltbj\u00e6lkehovedkran med 25m sp\u00e6ndvidde inde p\u00e5 vores fabrik. Denne kran er til vores nye Qatar-kunde Mr. Atef. F\u00f8rste kontakt med hr. Atef var i \u00e5r 2019. Han kontaktede os [\u2026]","protected":false},"featured_media":1391,"parent":0,"menu_order":0,"template":"","posts_category":[4],"posts_tag":[7,32,54,27,59,33,6,34],"class_list":["post-1091","posts","type-posts","status-publish","has-post-thumbnail","hentry","posts_category-cases","posts_tag-crane","posts_tag-crane-news","posts_tag-gantry-crane","posts_tag-hoist","posts_tag-jib-crane","posts_tag-news","posts_tag-overhead-crane","posts_tag-overhead-cranes"],"acf":[],"_links":{"self":[{"href":"https:\/\/www.dgcrane.com\/da\/wp-json\/wp\/v2\/xmxposts\/1091"}],"collection":[{"href":"https:\/\/www.dgcrane.com\/da\/wp-json\/wp\/v2\/xmxposts"}],"about":[{"href":"https:\/\/www.dgcrane.com\/da\/wp-json\/wp\/v2\/types\/posts"}],"version-history":[{"count":1,"href":"https:\/\/www.dgcrane.com\/da\/wp-json\/wp\/v2\/xmxposts\/1091\/revisions"}],"predecessor-version":[{"id":1392,"href":"https:\/\/www.dgcrane.com\/da\/wp-json\/wp\/v2\/xmxposts\/1091\/revisions\/1392"}],"wp:featuredmedia":[{"embeddable":true,"href":"https:\/\/www.dgcrane.com\/da\/wp-json\/wp\/v2\/media\/1391"}],"wp:attachment":[{"href":"https:\/\/www.dgcrane.com\/da\/wp-json\/wp\/v2\/media?parent=1091"}],"wp:term":[{"taxonomy":"posts_category","embeddable":true,"href":"https:\/\/www.dgcrane.com\/da\/wp-json\/wp\/v2\/posts_category?post=1091"},{"taxonomy":"posts_tag","embeddable":true,"href":"https:\/\/www.dgcrane.com\/da\/wp-json\/wp\/v2\/posts_tag?post=1091"}],"curies":[{"name":"wp","href":"https:\/\/api.w.org\/{rel}","templated":true}]}}