{"id":1091,"date":"2020-12-16T00:00:00","date_gmt":"2020-12-16T00:00:00","guid":{"rendered":"https:\/\/www.dgcrane.com\/posts\/5ton-hd-european-type-single-girder-overhead-crane-exported-to-qatar\/"},"modified":"2022-10-24T02:52:51","modified_gmt":"2022-10-24T02:52:51","slug":"5ton-hd-european-type-single-girder-overhead-crane-exported-to-qatar","status":"publish","type":"posts","link":"https:\/\/www.dgcrane.com\/cs\/posts\/5ton-hd-european-type-single-girder-overhead-crane-exported-to-qatar\/","title":{"rendered":"Jednonosn\u00edkov\u00fd mostov\u00fd je\u0159\u00e1b evropsk\u00e9ho typu 5t HD na prodej do Kataru"},"content":{"rendered":"<p>Nosnost je\u0159\u00e1bu: 5t<br \/>\r\nRozp\u011bt\u00ed je\u0159\u00e1bu: 25m<br \/>\r\nV\u00fd\u0161ka zdvihu je\u0159\u00e1bu: 7,5m<br \/>\r\nD\u00e9lka pojezdu je\u0159\u00e1bu: 66m<\/p>\r\n<p>Minul\u00fd t\u00fdden jedna sada HD5ton <a href=\"https:\/\/www.dgcrane.com\/cs\/products\/overhead-cranes-for-sale\/\">Jednonosn\u00edkov\u00fd mostov\u00fd je\u0159\u00e1b evropsk\u00e9ho typu<\/a> s rozp\u011bt\u00edm 25 m nalo\u017een\u00fdm v na\u0161\u00ed tov\u00e1rn\u011b. Tento je\u0159\u00e1b je pro na\u0161eho nov\u00e9ho katarsk\u00e9ho z\u00e1kazn\u00edka pana Atefa.<\/p>\r\n<p>Prvn\u00ed kontakt s panem Atefem byl v roce 2019. Kontaktoval n\u00e1s s \u017e\u00e1dost\u00ed o cenovou nab\u00eddku na mostov\u00e9 je\u0159\u00e1by. trvalo mi to jen 2 dny, abych odeslal v\u00fdkresy a nab\u00eddku pro pana atefa \u00a1\u00af s dotazem. i kdy\u017e jsme \u00a1\u00af t dostat, \u017ee po\u0159ad\u00ed, na\u0161e rychl\u00e1 reakce a profesion\u00e1ln\u00ed, aby pan Atef velmi spokojeni. Od t\u00e9 doby n\u00e1m poslal n\u011bjak\u00e9 dotazy na r\u016fzn\u00e9 druhy je\u0159\u00e1b\u016f v\u010detn\u011b port\u00e1lov\u00e9ho je\u0159\u00e1bu, mostov\u00e9ho je\u0159\u00e1bu a v\u00fdlo\u017en\u00edkov\u00e9ho je\u0159\u00e1bu s r\u016fzn\u00fdmi specifikacemi. P\u0159ipravili jsme nab\u00eddky na v\u0161echny jeho popt\u00e1vky a nakonec jsme dostali objedn\u00e1vku na HD 5tunov\u00fd jednonosn\u00edkov\u00fd mostov\u00fd je\u0159\u00e1b.<\/p>\r\n<p>tento je\u0159\u00e1b je pro z\u00e1kazn\u00edka pana atefa \u00a1\u00af, proto\u017ee jeho z\u00e1kazn\u00edk m\u00e1 vysok\u00e9 po\u017eadavky na pracovn\u00ed v\u00fdkon a konfiguraci je\u0159\u00e1bu, nab\u00edz\u00edme \u0159e\u0161en\u00ed evropsk\u00e9ho typu. Pro toto \u0159e\u0161en\u00ed je zdvihac\u00ed motor kladkostroje zna\u010dky ABM, posuvn\u00fd motor kladkostroje zna\u010dky SEW. Dlouh\u00e9 pojezdov\u00e9 motory je\u0159\u00e1bu jsou p\u00e1sov\u00e9 SEW, elektrick\u00e9 zna\u010dky Schneider, VFD pro je\u0159\u00e1b jsou rovn\u011b\u017e zna\u010dky Schneider.<\/p>\r\n<p>N\u00ed\u017ee jsou uvedeny n\u011bkter\u00e9 podrobn\u00e9 obr\u00e1zky pro referenci:<\/p>\r\n<p>Zvedac\u00ed motor kladkostroje \u2014 zna\u010dka ABM<br \/>\r\n<img loading=\"lazy\" decoding=\"async\" src=\"https:\/\/www.dgcrane.com\/wp-content\/uploads\/2020\/12\/Lifting-ABM-motor.jpg?w=1000\" alt=\"Zvedac\u00ed motor ABM\" width=\"1600\" height=\"1066\" class=\"alignnone size-full wp-image-9375\" \/><\/p>\r\n<p>Je\u0159\u00e1bov\u00e9 motory s dlouh\u00fdm pojezdem \u2014 zna\u010dka SEW<br \/>\r\n<img loading=\"lazy\" decoding=\"async\" src=\"https:\/\/www.dgcrane.com\/wp-content\/uploads\/2020\/12\/SEW-single-girder-crane-running-motor.jpg?w=1000\" alt=\"Je\u0159\u00e1bov\u00e9 motory s dlouh\u00fdm pojezdem\" width=\"1599\" height=\"1066\" class=\"alignnone size-full wp-image-9377\" \/><\/p>\r\n<p>P\u0159i nakl\u00e1d\u00e1n\u00ed jsou v\u0161echny d\u00edly dob\u0159e zabaleny, elektrick\u00fd lanov\u00fd kladkostroj evropsk\u00e9ho typu 5Ton je zabalen v p\u0159ekli\u017ekov\u00e9 bedn\u011b.<br \/>\r\n<img loading=\"lazy\" decoding=\"async\" src=\"https:\/\/www.dgcrane.com\/wp-content\/uploads\/2020\/12\/Wooden-box-for-electric-hoist.jpg?w=1000\" alt=\"D\u0159ev\u011bn\u00e1 bedna na elektrick\u00fd kladkostroj\" width=\"1600\" height=\"1067\" class=\"alignnone size-full wp-image-9378\" \/><\/p>\r\n<p>Elektrick\u00e9 p\u0159\u00edslu\u0161enstv\u00ed je tak\u00e9 zabaleno v p\u0159ekli\u017ekov\u00e9 p\u0159epravce<br \/>\r\n<img loading=\"lazy\" decoding=\"async\" src=\"https:\/\/www.dgcrane.com\/wp-content\/uploads\/2020\/12\/Wooden-box-for-accessories.jpg?w=1000\" alt=\"D\u0159ev\u011bn\u00e1 krabi\u010dka na p\u0159\u00edslu\u0161enstv\u00ed\" width=\"1600\" height=\"1066\" class=\"alignnone size-full wp-image-9379\" \/><\/p>\r\n<p>Hlavn\u00ed nosn\u00edky a koncov\u00e9 voz\u00edky jsou zabaleny do polyethylenov\u00e9 tkaniny.<br \/>\r\n<img loading=\"lazy\" decoding=\"async\" src=\"https:\/\/www.dgcrane.com\/wp-content\/uploads\/2020\/12\/Rainproof-cloth-packaging-2.jpg?w=1000\" alt=\"Textiln\u00ed obal odoln\u00fd proti de\u0161ti\" width=\"800\" height=\"1066\" class=\"alignnone size-full wp-image-9381\" \/><\/p>\r\n<p><img loading=\"lazy\" decoding=\"async\" src=\"https:\/\/www.dgcrane.com\/wp-content\/uploads\/2020\/12\/Rainproof-cloth-packaging-1.jpg?w=1000\" alt=\"Textiln\u00ed obal odoln\u00fd proti de\u0161ti \" width=\"800\" height=\"1066\" class=\"alignnone size-full wp-image-9380\" \/><\/p>","protected":false},"excerpt":{"rendered":"Nosnost je\u0159\u00e1bu: 5 tun Rozp\u011bt\u00ed je\u0159\u00e1bu: 25 m V\u00fd\u0161ka zdvihu je\u0159\u00e1bu: 7,5 m D\u00e9lka pojezdu je\u0159\u00e1bu: 66 m Minul\u00fd t\u00fdden byla v na\u0161\u00ed tov\u00e1rn\u011b nalo\u017eena jedna sada jednonosn\u00edkov\u00e9ho mostov\u00e9ho je\u0159\u00e1bu evropsk\u00e9ho typu HD5ton s rozp\u011bt\u00edm 25 m. Tento je\u0159\u00e1b je pro na\u0161eho nov\u00e9ho katarsk\u00e9ho z\u00e1kazn\u00edka pana Atefa. Prvn\u00ed kontakt s panem Atefem byl v roce 2019. Kontaktoval n\u00e1s [\u2026]","protected":false},"featured_media":1391,"parent":0,"menu_order":0,"template":"","posts_category":[4],"posts_tag":[7,32,54,27,59,33,6,34],"class_list":["post-1091","posts","type-posts","status-publish","has-post-thumbnail","hentry","posts_category-cases","posts_tag-crane","posts_tag-crane-news","posts_tag-gantry-crane","posts_tag-hoist","posts_tag-jib-crane","posts_tag-news","posts_tag-overhead-crane","posts_tag-overhead-cranes"],"acf":[],"_links":{"self":[{"href":"https:\/\/www.dgcrane.com\/cs\/wp-json\/wp\/v2\/xmxposts\/1091"}],"collection":[{"href":"https:\/\/www.dgcrane.com\/cs\/wp-json\/wp\/v2\/xmxposts"}],"about":[{"href":"https:\/\/www.dgcrane.com\/cs\/wp-json\/wp\/v2\/types\/posts"}],"version-history":[{"count":1,"href":"https:\/\/www.dgcrane.com\/cs\/wp-json\/wp\/v2\/xmxposts\/1091\/revisions"}],"predecessor-version":[{"id":1392,"href":"https:\/\/www.dgcrane.com\/cs\/wp-json\/wp\/v2\/xmxposts\/1091\/revisions\/1392"}],"wp:featuredmedia":[{"embeddable":true,"href":"https:\/\/www.dgcrane.com\/cs\/wp-json\/wp\/v2\/media\/1391"}],"wp:attachment":[{"href":"https:\/\/www.dgcrane.com\/cs\/wp-json\/wp\/v2\/media?parent=1091"}],"wp:term":[{"taxonomy":"posts_category","embeddable":true,"href":"https:\/\/www.dgcrane.com\/cs\/wp-json\/wp\/v2\/posts_category?post=1091"},{"taxonomy":"posts_tag","embeddable":true,"href":"https:\/\/www.dgcrane.com\/cs\/wp-json\/wp\/v2\/posts_tag?post=1091"}],"curies":[{"name":"wp","href":"https:\/\/api.w.org\/{rel}","templated":true}]}}